{"id":4536,"date":"2026-08-31T07:44:48","date_gmt":"2026-08-31T10:44:48","guid":{"rendered":"https:\/\/pilarinvestimentos.com.br\/?p=4536"},"modified":"2026-08-31T07:45:59","modified_gmt":"2026-08-31T10:45:59","slug":"cafe-com-o-especialista-31-08-26","status":"publish","type":"post","link":"https:\/\/pilarinvestimentos.com.br\/en\/cafe-com-o-especialista-31-08-26\/","title":{"rendered":"Caf\u00e9 com o especialista &#8211; 31\/08\/26"},"content":{"rendered":"<h1 class=\"wp-block-heading\">Bom dia!!!<\/h1>\n\n\n\n<p class=\"wp-block-paragraph\"><\/p>\n\n\n\n<p class=\"wp-block-paragraph\">Procure um assessor da Pilar Investimentos, e entenda como esse cen\u00e1rio pode impactar os seus investimentos.<\/p>\n\n\n\n<ul class=\"wp-block-list\">\n<li><strong>O Ibovespa<\/strong>, fechou na sexta-feira em alta de 0,30% a 175.664 pontos, o S&amp;P fechou em queda de 0,25% a 7.712 pontos, o Nasdaq caiu 0,52% a 26.402 e o Dow Jones caiu 0,02% a 53.560 pontos.<\/li>\n\n\n\n<li>O D\u00f3lar fechou na sexta-feira em alta de 0,66% cotado a R$ 5,19 o Euro fechou em alta de 0,10% cotado a R$6,02 e o Bitcoin caiu 2,86% cotado a R$402.581.<\/li>\n<\/ul>\n\n\n\n<p class=\"wp-block-paragraph\"><strong>Cen\u00e1rio Externo<\/strong> : <\/p>\n\n\n\n<ul class=\"wp-block-list\">\n<li><strong>Os \u00edndices futuros de Nova York<\/strong>, operam em baixa nesta segunda-feira (31), enquanto os pre\u00e7os do petr\u00f3leo sobem mais de 2%, ap\u00f3s os EUA atacarem lan\u00e7adores de foguetes iranianos na Ilha de Larak, no Estreito de Ormuz, reacendendo os temores de uma escalada do conflito. Em resposta, a Guarda Revolucion\u00e1ria Isl\u00e2mica afirmou ter atacado bases a\u00e9reas americanas na Jord\u00e2nia.<\/li>\n\n\n\n<li>Os \u00edndices em Wall Street caminham para encerrar agosto no campo positivo, com destaque para o setor de tecnologia. O Dow Jones acumula alta de 2,1% no m\u00eas e est\u00e1 a caminho de seu quinto avan\u00e7o mensal consecutivo. O S&amp;P 500 e o Nasdaq Composite sobem cerca de 3% e 4%, respectivamente, e tamb\u00e9m caminham para fechar o m\u00eas no azul pela primeira vez desde maio. Tanto o S&amp;P 500 quanto o Dow Jones renovaram m\u00e1ximas hist\u00f3ricas no in\u00edcio de agosto.<\/li>\n\n\n\n<li>Os investidores ter\u00e3o novos dados sobre a sa\u00fade da economia americana ao longo desta semana, com destaque para o relat\u00f3rio de empregos de agosto, que ser\u00e1 divulgado na manh\u00e3 de sexta-feira. Tamb\u00e9m est\u00e3o previstos os \u00edndices de atividade dos setores industrial e de servi\u00e7os.<\/li>\n<\/ul>\n\n\n\n<p class=\"wp-block-paragraph\"><strong>Veja o desempenho dos mercados futuros:<\/strong><\/p>\n\n\n\n<ul class=\"wp-block-list\">\n<li>Dow Jones Futuro: -0,20%<\/li>\n\n\n\n<li>S&amp;P 500 Futuro: -0,18%<\/li>\n\n\n\n<li>Nasdaq Futuro: +0,08%<strong>\u00a0<\/strong><\/li>\n<\/ul>\n\n\n\n<ul class=\"wp-block-list\">\n<li><strong>As bolsas europeias<\/strong>, operam sem dire\u00e7\u00e3o \u00fanica. As a\u00e7\u00f5es do setor de energia registraram ganhos com a alta dos pre\u00e7os do petr\u00f3leo, enquanto os investidores acompanham a possibilidade de uma retomada das hostilidades entre os EUA e o Ir\u00e3.<\/li>\n\n\n\n<li>Na Alemanha, o destaque \u00e9 a infla\u00e7\u00e3o preliminar de agosto, prevista para as 9h. A expectativa \u00e9 de alta de 0,20% na compara\u00e7\u00e3o mensal e de 2,90% em 12 meses.<\/li>\n<\/ul>\n\n\n\n<p class=\"wp-block-paragraph\"><strong>Mercados Europeus :<\/strong> <\/p>\n\n\n\n<ul class=\"wp-block-list\">\n<li>STOXX 600: -0,13%<\/li>\n\n\n\n<li>DAX (Alemanha): -0,89%<\/li>\n\n\n\n<li>FTSE 100 (Reino Unido): +0,29%<\/li>\n\n\n\n<li>CAC 40 (Fran\u00e7a): -0,12%<\/li>\n\n\n\n<li>FTSE MIB (It\u00e1lia): +0,20%<strong>\u00a0<\/strong><\/li>\n<\/ul>\n\n\n\n<ul class=\"wp-block-list\">\n<li><strong>Os mercados Asi\u00e1ticos<\/strong>, fecharam em queda nesta segunda, com os investidores de olho no desempenho das a\u00e7\u00f5es de tecnologia e no ambiente externo. O Kospi, principal \u00edndice da Coreia do Sul, reduziu as perdas ao longo do preg\u00e3o, mas terminou em baixa de 0,52%. No Jap\u00e3o, o Nikkei 225 recuou 0,57%, enquanto o Hang Seng, de Hong Kong, caiu 0,71%. Na China continental, o CSI 300 teve baixa de 0,81%. Na Austr\u00e1lia, o S&amp;P\/ASX 200 perdeu 0,26%.<\/li>\n\n\n\n<li>Na China, os dados oficiais de atividade divulgados no domingo mostraram que o PMI (\u00edndice de gerentes de compras) da ind\u00fastria subiu para 49,8 em agosto, ante 49,3 em julho e acima da expectativa de 49,6. Apesar da melhora, o indicador permaneceu abaixo de 50, n\u00edvel que separa contra\u00e7\u00e3o de expans\u00e3o da atividade.<\/li>\n\n\n\n<li>J\u00e1 o PMI de servi\u00e7os ficou em 49,0, repetindo o resultado de julho e tamb\u00e9m indicando contra\u00e7\u00e3o. Os n\u00fameros refor\u00e7am a aten\u00e7\u00e3o dos investidores sobre o ritmo da economia chinesa, com poss\u00edveis impactos sobre commodities e mercados emergentes.<\/li>\n<\/ul>\n\n\n\n<p class=\"wp-block-paragraph\"><strong>Fechamento \u00c1sia &#8211; Pac\u00edfico<\/strong> :<\/p>\n\n\n\n<ul class=\"wp-block-list\">\n<li>Shanghai SE (China), +0,86%<\/li>\n\n\n\n<li>Nikkei (Jap\u00e3o): -0,14%<\/li>\n\n\n\n<li>Hang Seng Index (Hong Kong): -0,07%<\/li>\n\n\n\n<li>Nifty 50 (\u00cdndia): -0,47%<\/li>\n\n\n\n<li>ASX 200 (Austr\u00e1lia): -0,18%<\/li>\n<\/ul>\n\n\n\n<p class=\"wp-block-paragraph\"><strong>Cen\u00e1rio Dom\u00e9stico<\/strong> :<\/p>\n\n\n\n<ul class=\"wp-block-list\">\n<li><strong>No Brasil<\/strong>, os investidores acompanham nesta segunda-feira (31) a divulga\u00e7\u00e3o do Boletim Focus, \u00e0s 8h25, com as proje\u00e7\u00f5es do mercado para os principais indicadores da economia, e do resultado prim\u00e1rio do governo, \u00e0s 8h30, referente a julho. Os dados fiscais podem ajudar a avaliar a trajet\u00f3ria das contas p\u00fablicas e o cumprimento das metas, enquanto o Focus oferece uma atualiza\u00e7\u00e3o das expectativas para infla\u00e7\u00e3o, juros, c\u00e2mbio e atividade.<\/li>\n\n\n\n<li>Do lado pol\u00edtico, o governo apresenta ao Congresso o PLOA de 2027, enquanto a C\u00e2mara deve votar \u00e0 noite a medida provis\u00f3ria que trata do fim da chamada taxa das blusinhas.<\/li>\n\n\n\n<li>O Ibovespa fechou com um acr\u00e9scimo modesto nesta sexta-feira, mas assegurou a oitava alta seguida, com Petrobras novamente entre os suportes.<\/li>\n\n\n\n<li>Ap\u00f3s ultrapassar os 176 mil pontos nos primeiros neg\u00f3cios, o \u00edndice perdeu for\u00e7a com declara\u00e7\u00f5es do chair do Federal Reserve, Kevin Warsh, de que o banco central dos Estados Unidos tem \u201ctrabalho a fazer\u201d se a infla\u00e7\u00e3o na maior economia do mundo continuar acima de 2%.<\/li>\n<\/ul>\n\n\n\n<ul class=\"wp-block-list\">\n<li><strong>Nas commodities<\/strong>, os pre\u00e7os do petr\u00f3leo operam em alta, em meio a crescentes preocupa\u00e7\u00f5es com interrup\u00e7\u00f5es no fornecimento ap\u00f3s as for\u00e7as americanas terem atingido dois lan\u00e7adores de foguetes iranianos na ilha de Larak no domingo.<\/li>\n\n\n\n<li>As cota\u00e7\u00f5es do min\u00e9rio de ferro na China fecharam em alta, impulsionados pelo aumento dos custos de frete e petr\u00f3leo, embora a alta dos pre\u00e7os do carv\u00e3o metal\u00fargico tenha pressionado as margens das sider\u00fargicas e limitado os ganhos.<\/li>\n<\/ul>\n\n\n\n<ul class=\"wp-block-list\">\n<li>Petr\u00f3leo WTI, +2,59%, a US$ 85,56 o barril<\/li>\n\n\n\n<li>Petr\u00f3leo Brent, +2,68%, a US$ 90,46 o barril<\/li>\n\n\n\n<li>Min\u00e9rio de ferro negociado na bolsa de Dalian, +0,76%, a 727,00 iuanes (US$ 108,08)<\/li>\n<\/ul>\n\n\n\n<p class=\"wp-block-paragraph\"><strong>Criptoativos<\/strong> : O\u00a0Bitcoin\u00a0se estabilizou perto de US$ 78.000 na segunda-feira, demonstrando resili\u00eancia mesmo ap\u00f3s coment\u00e1rios hawkish do presidente do Federal Reserve, Kevin Warsh, que elevaram as expectativas de aumento das taxas de juros.<\/p>\n\n\n\n<p class=\"wp-block-paragraph\"><em>(Com Reuters e Bloomberg)<\/em><\/p>\n\n\n\n<p class=\"wp-block-paragraph\">Bitcoin (BTC), -0,96%, a US$ 78.102,40 (em rela\u00e7\u00e3o \u00e0 cota\u00e7\u00e3o de 24 horas atr\u00e1s).<\/p>\n\n\n\n<p class=\"wp-block-paragraph\"><strong>Um abra\u00e7o, e bons neg\u00f3cios.<br>Danilo Jesus<\/strong><\/p>\n<span class=\"et_bloom_bottom_trigger\"><\/span>","protected":false},"excerpt":{"rendered":"<p>Bom dia!!! Procure um assessor da Pilar Investimentos, e entenda como esse cen\u00e1rio pode impactar os seus investimentos. Cen\u00e1rio Externo : Veja o desempenho dos mercados futuros: Mercados Europeus : Fechamento \u00c1sia &#8211; Pac\u00edfico : Cen\u00e1rio Dom\u00e9stico : Criptoativos : O\u00a0Bitcoin\u00a0se estabilizou perto de US$ 78.000 na segunda-feira, demonstrando resili\u00eancia mesmo ap\u00f3s coment\u00e1rios hawkish do [&hellip;]<\/p>\n","protected":false},"author":7,"featured_media":3860,"comment_status":"closed","ping_status":"closed","sticky":false,"template":"","format":"standard","meta":{"_et_pb_use_builder":"off","_et_pb_old_content":"<!-- wp:heading {\"level\":1} -->\n<h1 class=\"wp-block-heading\">Bom dia!!!<\/h1>\n<!-- \/wp:heading -->\n\n<!-- wp:paragraph -->\n<p><\/p>\n<!-- \/wp:paragraph -->\n\n<!-- wp:paragraph -->\n<p>Procure um assessor da Pilar Investimentos, e entenda como esse cen\u00e1rio pode impactar os seus investimentos.<\/p>\n<!-- \/wp:paragraph -->\n\n<!-- wp:list -->\n<ul class=\"wp-block-list\"><!-- wp:list-item -->\n<li><strong>O Ibovespa<\/strong>, fechou ontem em queda de 0,20% a 171.688 pontos, o S&amp;P fechou em queda de 0,22% a 7.483 pontos, o Nasdaq caiu 0,66% a 26.040 e o Dow Jones caiu 0,03% a 52.305 pontos.<\/li>\n<!-- \/wp:list-item -->\n\n<!-- wp:list-item -->\n<li>O D\u00f3lar fechou ontem em alta de 0,90% cotado a R$ 5,20 o Euro fechou em alta de 0,48% cotado a R$5,92 e o Bitcoin subiu 4,10% cotado a R$315.349.<\/li>\n<!-- \/wp:list-item --><\/ul>\n<!-- \/wp:list -->\n\n<!-- wp:paragraph -->\n<p><strong>Cen\u00e1rio Externo<\/strong> : <\/p>\n<!-- \/wp:paragraph -->\n\n<!-- wp:list -->\n<ul class=\"wp-block-list\"><!-- wp:list-item -->\n<li><strong>Os \u00edndices futuros de Nova York<\/strong>, recuam nesta quinta-feira (2), v\u00e9spera do feriado da Independ\u00eancia dos Estados Unidos, enquanto investidores aguardam a divulga\u00e7\u00e3o do relat\u00f3rio de emprego (payroll) de junho.<\/li>\n<!-- \/wp:list-item -->\n\n<!-- wp:list-item -->\n<li>O dado \u00e9 visto como decisivo para calibrar as expectativas sobre a trajet\u00f3ria dos juros americanos, ap\u00f3s declara\u00e7\u00f5es feitas na quarta-feira pelo presidente do Federal Reserve, Kevin Warsh, reduzirem as apostas de um novo aumento das taxas ainda neste ano.<\/li>\n<!-- \/wp:list-item -->\n\n<!-- wp:list-item -->\n<li>Economistas consultados pela Reuters preveem a cria\u00e7\u00e3o de 110 mil empregos em junho. A Copa do Mundo provavelmente criou milhares de empregos tempor\u00e1rios, aumentando a probabilidade de uma surpresa positiva. A taxa de desemprego deve permanecer est\u00e1vel em 4,3%.<\/li>\n<!-- \/wp:list-item -->\n\n<!-- wp:list-item -->\n<li>Al\u00e9m do payroll, os investidores acompanham outros indicadores da economia americana nesta quinta-feira. Entre eles, est\u00e3o os pedidos semanais de aux\u00edlio-desemprego, cuja expectativa \u00e9 de 220 mil solicita\u00e7\u00f5es, e os dados de encomendas \u00e0 ind\u00fastria referentes a maio, com proje\u00e7\u00e3o de queda de 1,8% na compara\u00e7\u00e3o mensal.<\/li>\n<!-- \/wp:list-item --><\/ul>\n<!-- \/wp:list -->\n\n<!-- wp:paragraph -->\n<p><strong>Veja o desempenho dos mercados futuros:<\/strong><\/p>\n<!-- \/wp:paragraph -->\n\n<!-- wp:list -->\n<ul class=\"wp-block-list\"><!-- wp:list-item -->\n<li>Dow Jones Futuro: -0,25%<\/li>\n<!-- \/wp:list-item -->\n\n<!-- wp:list-item -->\n<li>S&amp;P 500 Futuro: -0,32%<\/li>\n<!-- \/wp:list-item -->\n\n<!-- wp:list-item -->\n<li>Nasdaq Futuro: -0,53%<strong>&nbsp;<\/strong><\/li>\n<!-- \/wp:list-item --><\/ul>\n<!-- \/wp:list -->\n\n<!-- wp:list -->\n<ul class=\"wp-block-list\"><!-- wp:list-item -->\n<li><strong>As bolsas europeias<\/strong>, iniciaram o novo m\u00eas sem dire\u00e7\u00e3o \u00fanica nesta quarta-feira. A maioria dos setores operava em leve queda no in\u00edcio das negocia\u00e7\u00f5es, mas as a\u00e7\u00f5es do segmento qu\u00edmico lideravam os ganhos, com alta de quase 1,1%. As montadoras tamb\u00e9m avan\u00e7avam, registrando valoriza\u00e7\u00e3o de 0,42%.<\/li>\n<!-- \/wp:list-item --><\/ul>\n<!-- \/wp:list -->\n\n<!-- wp:paragraph -->\n<p><strong>Mercados Europeus :<\/strong> <\/p>\n<!-- \/wp:paragraph -->\n\n<!-- wp:list -->\n<ul class=\"wp-block-list\"><!-- wp:list-item -->\n<li>STOXX 600: -0,16%<\/li>\n<!-- \/wp:list-item -->\n\n<!-- wp:list-item -->\n<li>DAX (Alemanha): +0,34%<\/li>\n<!-- \/wp:list-item -->\n\n<!-- wp:list-item -->\n<li>FTSE 100 (Reino Unido): -0,26%<\/li>\n<!-- \/wp:list-item -->\n\n<!-- wp:list-item -->\n<li>CAC 40 (Fran\u00e7a): -0,41%<\/li>\n<!-- \/wp:list-item -->\n\n<!-- wp:list-item -->\n<li>FTSE MIB (It\u00e1lia): -0,30%<strong>&nbsp;<\/strong><\/li>\n<!-- \/wp:list-item --><\/ul>\n<!-- \/wp:list -->\n\n<!-- wp:list -->\n<ul class=\"wp-block-list\"><!-- wp:list-item -->\n<li><strong>Os mercados Asi\u00e1ticos<\/strong>, fecharam sem dire\u00e7\u00e3o \u00fanica, com desempenho positivo nas bolsas do Jap\u00e3o, da China e da Coreia do Sul, enquanto Austr\u00e1lia e Hong Kong fecharam no vermelho..<\/li>\n<!-- \/wp:list-item --><\/ul>\n<!-- \/wp:list -->\n\n<!-- wp:paragraph -->\n<p><strong>Fechamento \u00c1sia - Pac\u00edfico<\/strong> :<\/p>\n<!-- \/wp:paragraph -->\n\n<!-- wp:list -->\n<ul class=\"wp-block-list\"><!-- wp:list-item -->\n<li>Shanghai SE (China), +0,44%<\/li>\n<!-- \/wp:list-item -->\n\n<!-- wp:list-item -->\n<li>Nikkei (Jap\u00e3o): +0,59%<\/li>\n<!-- \/wp:list-item -->\n\n<!-- wp:list-item -->\n<li>Hang Seng Index (Hong Kong): -0,63%<\/li>\n<!-- \/wp:list-item -->\n\n<!-- wp:list-item -->\n<li>Nifty 50 (\u00cdndia): +0,72%<\/li>\n<!-- \/wp:list-item -->\n\n<!-- wp:list-item -->\n<li>ASX 200 (Austr\u00e1lia): -0,64%<\/li>\n<!-- \/wp:list-item --><\/ul>\n<!-- \/wp:list -->\n\n<!-- wp:paragraph -->\n<p><strong>Cen\u00e1rio Dom\u00e9stico<\/strong> :<\/p>\n<!-- \/wp:paragraph -->\n\n<!-- wp:list -->\n<ul class=\"wp-block-list\"><!-- wp:list-item -->\n<li><strong>No Brasil<\/strong>, o Banco Central divulga estat\u00edsticas de cr\u00e9dito referentes ao m\u00eas de maio, enquanto o instituto AtlasIntel divulgar\u00e1 uma pesquisa presidencial com 5.000 entrevistas online realizadas entre 25 e 30 de junho.<\/li>\n<!-- \/wp:list-item -->\n\n<!-- wp:list-item -->\n<li>Do lado pol\u00edtico, nesta quarta est\u00e1 prevista uma sess\u00e3o de debate tem\u00e1tico sobre a jornada de trabalho de 6\u00d71 (PEC 221\/2019) no plen\u00e1rio do Senado, ap\u00f3s solicita\u00e7\u00e3o aprovada pelo plen\u00e1rio. De acordo com o Ita\u00fa, o andamento da emenda depender\u00e1 tanto do Presidente do Senado, que deve encaminhar formalmente a proposta, quanto do presidente da CCJ.<\/li>\n<!-- \/wp:list-item -->\n\n<!-- wp:list-item -->\n<li>O Ibovespa fechou em queda nesta ter\u00e7a-feira, confirmando mais um desempenho mensal negativo, mas se afastou da m\u00ednima do dia, registrada ap\u00f3s dados sobre o mercado de trabalho no Brasil mais fracos do que o esperado.&nbsp;<\/li>\n<!-- \/wp:list-item -->\n\n<!-- wp:list-item -->\n<li>\u00cdndice de refer\u00eancia do mercado acion\u00e1rio brasileiro, o Ibovespa caiu 0,68%, a 172.024,12 pontos, acumulando um decl\u00ednio de 1,01% em junho.&nbsp;<\/li>\n<!-- \/wp:list-item --><\/ul>\n<!-- \/wp:list -->\n\n<!-- wp:list -->\n<ul class=\"wp-block-list\"><!-- wp:list-item -->\n<li><strong>Nas commodities<\/strong>, os pre\u00e7os do petr\u00f3leo operam sem dire\u00e7\u00e3o \u00fanica devido a preocupa\u00e7\u00f5es de que o impasse nas negocia\u00e7\u00f5es entre o Ir\u00e3 e os EUA para um acordo final que ponha fim \u00e0 guerra possa prolongar as interrup\u00e7\u00f5es no fornecimento na importante regi\u00e3o produtora do Oriente M\u00e9dio.<\/li>\n<!-- \/wp:list-item -->\n\n<!-- wp:list-item -->\n<li>As cota\u00e7\u00f5es do min\u00e9rio de ferro na China fecharam em baixa, com as novas barreiras comerciais da Uni\u00e3o Europeia \u00e0s importa\u00e7\u00f5es de a\u00e7o afetando negativamente as perspectivas de demanda.<\/li>\n<!-- \/wp:list-item --><\/ul>\n<!-- \/wp:list -->\n\n<!-- wp:list -->\n<ul class=\"wp-block-list\"><!-- wp:list-item -->\n<li>Petr\u00f3leo WTI, -0,41%, a US$ 69,17 o barril<\/li>\n<!-- \/wp:list-item -->\n\n<!-- wp:list-item -->\n<li>Petr\u00f3leo Brent, -0,29%, a US$ 72,73 o barril<\/li>\n<!-- \/wp:list-item -->\n\n<!-- wp:list-item -->\n<li>Min\u00e9rio de ferro negociado na bolsa de Dalian, -1,68%, a 733 iuanes (US$ 107,89)<\/li>\n<!-- \/wp:list-item --><\/ul>\n<!-- \/wp:list -->\n\n<!-- wp:paragraph -->\n<p><strong>Criptoativos<\/strong> : O Bitcoin recuou levemente na quarta-feira, permanecendo sob press\u00e3o ap\u00f3s registrar perdas expressivas no trimestre, em meio \u00e0 relut\u00e2ncia dos investidores em comprar criptomoedas diante das crescentes expectativas de juros mais altos nos Estados Unidos.<\/p>\n<!-- \/wp:paragraph -->\n\n<!-- wp:paragraph -->\n<p>Bitcoin (BTC), -0,16%, a US$ 58.540,93 (em rela\u00e7\u00e3o \u00e0 cota\u00e7\u00e3o de 24 horas atr\u00e1s).<\/p>\n<!-- \/wp:paragraph -->\n\n<!-- wp:paragraph -->\n<p><em>(Com Reuters e Bloomberg)<\/em><\/p>\n<!-- \/wp:paragraph -->\n\n<!-- wp:paragraph -->\n<p><strong>Um abra\u00e7o, e bons neg\u00f3cios.<br>Danilo Jesus<\/strong><\/p>\n<!-- \/wp:paragraph -->","_et_gb_content_width":"","_jetpack_newsletter_access":"","_jetpack_dont_email_post_to_subs":false,"_jetpack_newsletter_tier_id":0,"_jetpack_memberships_contains_paywalled_content":false,"_jetpack_feature_clip_id":0,"_jetpack_memberships_contains_paid_content":false,"footnotes":"","jetpack_publicize_message":"","jetpack_publicize_feature_enabled":true,"jetpack_social_post_already_shared":true,"jetpack_social_options":{"image_generator_settings":{"template":"highway","default_image_id":0,"font":"","enabled":false},"version":2},"jetpack_post_was_ever_published":false},"categories":[36,19],"tags":[],"class_list":["post-4536","post","type-post","status-publish","format-standard","has-post-thumbnail","hentry","category-artigo","category-cafe-com-o-especialista"],"jetpack_publicize_connections":[],"jetpack_sharing_enabled":true,"jetpack_featured_media_url":"https:\/\/i0.wp.com\/pilarinvestimentos.com.br\/wp-content\/uploads\/2025\/10\/Cafe-com-o-especialista-07.jpg?fit=1200%2C803&ssl=1","_links":{"self":[{"href":"https:\/\/pilarinvestimentos.com.br\/en\/wp-json\/wp\/v2\/posts\/4536","targetHints":{"allow":["GET"]}}],"collection":[{"href":"https:\/\/pilarinvestimentos.com.br\/en\/wp-json\/wp\/v2\/posts"}],"about":[{"href":"https:\/\/pilarinvestimentos.com.br\/en\/wp-json\/wp\/v2\/types\/post"}],"author":[{"embeddable":true,"href":"https:\/\/pilarinvestimentos.com.br\/en\/wp-json\/wp\/v2\/users\/7"}],"replies":[{"embeddable":true,"href":"https:\/\/pilarinvestimentos.com.br\/en\/wp-json\/wp\/v2\/comments?post=4536"}],"version-history":[{"count":2,"href":"https:\/\/pilarinvestimentos.com.br\/en\/wp-json\/wp\/v2\/posts\/4536\/revisions"}],"predecessor-version":[{"id":4538,"href":"https:\/\/pilarinvestimentos.com.br\/en\/wp-json\/wp\/v2\/posts\/4536\/revisions\/4538"}],"wp:featuredmedia":[{"embeddable":true,"href":"https:\/\/pilarinvestimentos.com.br\/en\/wp-json\/wp\/v2\/media\/3860"}],"wp:attachment":[{"href":"https:\/\/pilarinvestimentos.com.br\/en\/wp-json\/wp\/v2\/media?parent=4536"}],"wp:term":[{"taxonomy":"category","embeddable":true,"href":"https:\/\/pilarinvestimentos.com.br\/en\/wp-json\/wp\/v2\/categories?post=4536"},{"taxonomy":"post_tag","embeddable":true,"href":"https:\/\/pilarinvestimentos.com.br\/en\/wp-json\/wp\/v2\/tags?post=4536"}],"curies":[{"name":"wp","href":"https:\/\/api.w.org\/{rel}","templated":true}]}}