{"id":4547,"date":"2026-09-02T08:11:54","date_gmt":"2026-09-02T11:11:54","guid":{"rendered":"https:\/\/pilarinvestimentos.com.br\/?p=4547"},"modified":"2026-09-02T08:11:56","modified_gmt":"2026-09-02T11:11:56","slug":"cafe-com-o-especialista-02-09-26","status":"publish","type":"post","link":"https:\/\/pilarinvestimentos.com.br\/en\/cafe-com-o-especialista-02-09-26\/","title":{"rendered":"Caf\u00e9 com o especialista &#8211; 02\/09\/26"},"content":{"rendered":"<h1 class=\"wp-block-heading\">Bom dia!!!<\/h1>\n\n\n\n<p class=\"wp-block-paragraph\"><\/p>\n\n\n\n<p class=\"wp-block-paragraph\">Procure um assessor da Pilar Investimentos, e entenda como esse cen\u00e1rio pode impactar os seus investimentos.<\/p>\n\n\n\n<ul class=\"wp-block-list\">\n<li><strong>O Ibovespa<\/strong>, fechou ontem em alta de 1,30% a 179.722 pontos, o S&amp;P fechou em queda de 0,71% a 7.631 pontos, o Nasdaq caiu 1,03% a 26.099 e o Dow Jones caiu 0,79% a 52.767 pontos.<\/li>\n\n\n\n<li>O D\u00f3lar fechou ontem em queda de 0,47% cotado a R$ 5,15 o Euro fechou em queda de 0,74% cotado a R$5,97 e o Bitcoin caiu 2,40% cotado a R$397.443.<\/li>\n<\/ul>\n\n\n\n<p class=\"wp-block-paragraph\"><strong>Cen\u00e1rio Externo<\/strong> : <\/p>\n\n\n\n<ul class=\"wp-block-list\">\n<li><strong>Os \u00edndices futuros de Nova York<\/strong>, operam em baixa nesta quarta-feira (2), enquanto investidores monitoram a alta do petr\u00f3leo e seus impactos sobre a infla\u00e7\u00e3o e os juros.<\/li>\n\n\n\n<li>O petr\u00f3leo Brent subiu pelo terceiro dia consecutivo, chegando a cerca de US$ 95 o barril, atingindo brevemente o n\u00edvel mais alto desde julho, em meio \u00e0 escalada acentuada do conflito entre os EUA e o Ir\u00e3 .<\/li>\n\n\n\n<li>No radar do mercado est\u00e3o os dados de emprego privado da ADP referentes a agosto, al\u00e9m dos lucros da ind\u00fastria e do Livro Bege do Federal Reserve (Fed, o banco central americano).<\/li>\n\n\n\n<li>o radar corporativo, os investidores acompanham os resultados de Hewlett Packard Enterprise, Snowflake e Broadcom, previstos para serem divulgados ap\u00f3s o fechamento do mercado.<\/li>\n<\/ul>\n\n\n\n<p class=\"wp-block-paragraph\"><strong>Veja o desempenho dos mercados futuros:<\/strong><\/p>\n\n\n\n<ul class=\"wp-block-list\">\n<li>Dow Jones Futuro: -0,16%<\/li>\n\n\n\n<li>S&amp;P 500 Futuro: -0,25%<\/li>\n\n\n\n<li>Nasdaq Futuro: -0,50%<strong>\u00a0<\/strong><\/li>\n<\/ul>\n\n\n\n<ul class=\"wp-block-list\">\n<li><strong>As bolsas europeias<\/strong>, operam no vermelho nesta quarta-feira. As a\u00e7\u00f5es do setor de m\u00eddia lideraram as perdas, caindo 1,4%, seguidas pelas montadoras e empresas de autope\u00e7as europeias, que recuavam 1,2%.<\/li>\n<\/ul>\n\n\n\n<p class=\"wp-block-paragraph\"><strong>Mercados Europeus :<\/strong> <\/p>\n\n\n\n<ul class=\"wp-block-list\">\n<li>STOXX 600: -0,33%<\/li>\n\n\n\n<li>DAX (Alemanha): -0,84%<\/li>\n\n\n\n<li>FTSE 100 (Reino Unido): -0,65%<\/li>\n\n\n\n<li>CAC 40 (Fran\u00e7a): -0,68%<\/li>\n\n\n\n<li>FTSE MIB (It\u00e1lia): -0,28%<strong>\u00a0<\/strong><\/li>\n<\/ul>\n\n\n\n<ul class=\"wp-block-list\">\n<li><strong>Os mercados Asi\u00e1ticos<\/strong>, fecharam em forte baixa, pressionados pelo aumento das tens\u00f5es no Oriente M\u00e9dio e pelo impacto da alta do petr\u00f3leo sobre as perspectivas de infla\u00e7\u00e3o. O movimento tamb\u00e9m foi acompanhado por uma forte alta dos rendimentos dos t\u00edtulos p\u00fablicos, aumentando a cautela dos investidores.<\/li>\n\n\n\n<li>No Jap\u00e3o, o Nikkei 225 caiu 2,85%, enquanto o Kospi, da Coreia do Sul, recuou 4%. Na Austr\u00e1lia, o S&amp;P\/ASX 200 perdeu 0,97%, e o CSI 300, que re\u00fane as principais a\u00e7\u00f5es negociadas em Xangai e Shenzhen, fechou em baixa de 1,38%.<\/li>\n<\/ul>\n\n\n\n<p class=\"wp-block-paragraph\"><strong>Fechamento \u00c1sia &#8211; Pac\u00edfico<\/strong> :<\/p>\n\n\n\n<ul class=\"wp-block-list\">\n<li>Shanghai SE (China), -0,97%<\/li>\n\n\n\n<li>Nikkei (Jap\u00e3o): -2,85%<\/li>\n\n\n\n<li>Hang Seng Index (Hong Kong): -0,07%<\/li>\n\n\n\n<li>Nifty 50 (\u00cdndia): -0,78%<\/li>\n\n\n\n<li>ASX 200 (Austr\u00e1lia): -0,97%<\/li>\n<\/ul>\n\n\n\n<p class=\"wp-block-paragraph\"><strong>Cen\u00e1rio Dom\u00e9stico<\/strong> :<\/p>\n\n\n\n<ul class=\"wp-block-list\">\n<li><strong>No Brasil<\/strong>, o IBGE divulga os dados da produ\u00e7\u00e3o industrial de julho. No Congresso, a Comiss\u00e3o de Constitui\u00e7\u00e3o e Justi\u00e7a (CCJ) do Senado analisa a proposta de emenda \u00e0 Constitui\u00e7\u00e3o (PEC) que prev\u00ea o fim da escala 6\u00d71.<\/li>\n\n\n\n<li>O Ibovespa fechou em alta nesta ter\u00e7a-feira, ultrapassando os 181 mil pontos na m\u00e1xima pela primeira vez em quase quatro meses, endossado por blue chips, notadamente Petrobras, em meio a novo avan\u00e7o do petr\u00f3leo no exterior.<\/li>\n\n\n\n<li>A primeira sess\u00e3o de setembro tamb\u00e9m incluiu dados sobre o PIB do Brasil no segundo trimestre, que confirmaram a desacelera\u00e7\u00e3o da atividade econ\u00f4mica e alimentaram expectativas de novos cortes na taxa Selic.<\/li>\n\n\n\n<li>Daniel Vorcaro, ent\u00e3o dono do Banco Master, enviou uma mensagem ao ministro do Supremo Tribunal Federal (STF) Alexandre de Moraes pedindo ajuda para tentar \u201creverter\u201d o andamento das investiga\u00e7\u00f5es contra ele junto ao procurador-geral da Rep\u00fablica, Paulo Gonet, e ao diretor-geral da Pol\u00edcia Federal, Andrei Rodrigues, e chegou a consultar o magistrado dois dias antes de ser preso pela primeira vez se haveria necessidade de sair do pa\u00eds.<\/li>\n<\/ul>\n\n\n\n<ul class=\"wp-block-list\">\n<li><strong>Nas commodities<\/strong>, os pre\u00e7os do petr\u00f3leo operam perto da estabilidade, com o aumento das tens\u00f5es no Oriente M\u00e9dio ap\u00f3s os EUA realizarem sua mais recente rodada de ataques contra o Ir\u00e3, enquanto Teer\u00e3 teria retaliado contra os aliados regionais de Washington.<\/li>\n\n\n\n<li>As cota\u00e7\u00f5es do min\u00e9rio de ferro na China fecharam em baixa, com o aumento dos custos do carv\u00e3o metal\u00fargico pressionando as margens das sider\u00fargicas e o crescimento dos estoques portu\u00e1rios evidenciando a ampla oferta.<\/li>\n<\/ul>\n\n\n\n<ul class=\"wp-block-list\">\n<li>Petr\u00f3leo WTI, +0,08%, a US$ 90,29 o barril<\/li>\n\n\n\n<li>Petr\u00f3leo Brent, +0,19%, a US$ 94,86 o barril<\/li>\n\n\n\n<li>Min\u00e9rio de ferro negociado na bolsa de Dalian, -1,11%, a 714,00 iuanes (US$ 106,24)<\/li>\n<\/ul>\n\n\n\n<p class=\"wp-block-paragraph\"><strong>Criptoativos<\/strong> : O\u00a0Bitcoin\u00a0recuou nesta quarta-feira, estendendo as perdas ap\u00f3s registrar ganhos expressivos em agosto, pressionado pelo recrudescimento dos conflitos entre EUA e Ir\u00e3 e pela persistente incerteza em torno das taxas de juros, fatores que pesaram sobre os ativos de risco.<\/p>\n\n\n\n<p class=\"wp-block-paragraph\"><em>(Com Reuters e Bloomberg)<\/em><\/p>\n\n\n\n<p class=\"wp-block-paragraph\">Bitcoin (BTC), -0,65%, a US$ 76.755,22 (em rela\u00e7\u00e3o \u00e0 cota\u00e7\u00e3o de 24 horas atr\u00e1s).<\/p>\n\n\n\n<p class=\"wp-block-paragraph\"><strong>Um abra\u00e7o, e bons neg\u00f3cios.<br>Danilo Jesus<\/strong><\/p>\n<span class=\"et_bloom_bottom_trigger\"><\/span>","protected":false},"excerpt":{"rendered":"<p>Bom dia!!! Procure um assessor da Pilar Investimentos, e entenda como esse cen\u00e1rio pode impactar os seus investimentos. Cen\u00e1rio Externo : Veja o desempenho dos mercados futuros: Mercados Europeus : Fechamento \u00c1sia &#8211; Pac\u00edfico : Cen\u00e1rio Dom\u00e9stico : Criptoativos : O\u00a0Bitcoin\u00a0recuou nesta quarta-feira, estendendo as perdas ap\u00f3s registrar ganhos expressivos em agosto, pressionado pelo recrudescimento [&hellip;]<\/p>\n","protected":false},"author":7,"featured_media":3860,"comment_status":"closed","ping_status":"closed","sticky":false,"template":"","format":"standard","meta":{"_et_pb_use_builder":"off","_et_pb_old_content":"<!-- wp:heading {\"level\":1} -->\n<h1 class=\"wp-block-heading\">Bom dia!!!<\/h1>\n<!-- \/wp:heading -->\n\n<!-- wp:paragraph -->\n<p><\/p>\n<!-- \/wp:paragraph -->\n\n<!-- wp:paragraph -->\n<p>Procure um assessor da Pilar Investimentos, e entenda como esse cen\u00e1rio pode impactar os seus investimentos.<\/p>\n<!-- \/wp:paragraph -->\n\n<!-- wp:list -->\n<ul class=\"wp-block-list\"><!-- wp:list-item -->\n<li><strong>O Ibovespa<\/strong>, fechou ontem em queda de 0,20% a 171.688 pontos, o S&amp;P fechou em queda de 0,22% a 7.483 pontos, o Nasdaq caiu 0,66% a 26.040 e o Dow Jones caiu 0,03% a 52.305 pontos.<\/li>\n<!-- \/wp:list-item -->\n\n<!-- wp:list-item -->\n<li>O D\u00f3lar fechou ontem em alta de 0,90% cotado a R$ 5,20 o Euro fechou em alta de 0,48% cotado a R$5,92 e o Bitcoin subiu 4,10% cotado a R$315.349.<\/li>\n<!-- \/wp:list-item --><\/ul>\n<!-- \/wp:list -->\n\n<!-- wp:paragraph -->\n<p><strong>Cen\u00e1rio Externo<\/strong> : <\/p>\n<!-- \/wp:paragraph -->\n\n<!-- wp:list -->\n<ul class=\"wp-block-list\"><!-- wp:list-item -->\n<li><strong>Os \u00edndices futuros de Nova York<\/strong>, recuam nesta quinta-feira (2), v\u00e9spera do feriado da Independ\u00eancia dos Estados Unidos, enquanto investidores aguardam a divulga\u00e7\u00e3o do relat\u00f3rio de emprego (payroll) de junho.<\/li>\n<!-- \/wp:list-item -->\n\n<!-- wp:list-item -->\n<li>O dado \u00e9 visto como decisivo para calibrar as expectativas sobre a trajet\u00f3ria dos juros americanos, ap\u00f3s declara\u00e7\u00f5es feitas na quarta-feira pelo presidente do Federal Reserve, Kevin Warsh, reduzirem as apostas de um novo aumento das taxas ainda neste ano.<\/li>\n<!-- \/wp:list-item -->\n\n<!-- wp:list-item -->\n<li>Economistas consultados pela Reuters preveem a cria\u00e7\u00e3o de 110 mil empregos em junho. A Copa do Mundo provavelmente criou milhares de empregos tempor\u00e1rios, aumentando a probabilidade de uma surpresa positiva. A taxa de desemprego deve permanecer est\u00e1vel em 4,3%.<\/li>\n<!-- \/wp:list-item -->\n\n<!-- wp:list-item -->\n<li>Al\u00e9m do payroll, os investidores acompanham outros indicadores da economia americana nesta quinta-feira. Entre eles, est\u00e3o os pedidos semanais de aux\u00edlio-desemprego, cuja expectativa \u00e9 de 220 mil solicita\u00e7\u00f5es, e os dados de encomendas \u00e0 ind\u00fastria referentes a maio, com proje\u00e7\u00e3o de queda de 1,8% na compara\u00e7\u00e3o mensal.<\/li>\n<!-- \/wp:list-item --><\/ul>\n<!-- \/wp:list -->\n\n<!-- wp:paragraph -->\n<p><strong>Veja o desempenho dos mercados futuros:<\/strong><\/p>\n<!-- \/wp:paragraph -->\n\n<!-- wp:list -->\n<ul class=\"wp-block-list\"><!-- wp:list-item -->\n<li>Dow Jones Futuro: -0,25%<\/li>\n<!-- \/wp:list-item -->\n\n<!-- wp:list-item -->\n<li>S&amp;P 500 Futuro: -0,32%<\/li>\n<!-- \/wp:list-item -->\n\n<!-- wp:list-item -->\n<li>Nasdaq Futuro: -0,53%<strong>&nbsp;<\/strong><\/li>\n<!-- \/wp:list-item --><\/ul>\n<!-- \/wp:list -->\n\n<!-- wp:list -->\n<ul class=\"wp-block-list\"><!-- wp:list-item -->\n<li><strong>As bolsas europeias<\/strong>, iniciaram o novo m\u00eas sem dire\u00e7\u00e3o \u00fanica nesta quarta-feira. A maioria dos setores operava em leve queda no in\u00edcio das negocia\u00e7\u00f5es, mas as a\u00e7\u00f5es do segmento qu\u00edmico lideravam os ganhos, com alta de quase 1,1%. As montadoras tamb\u00e9m avan\u00e7avam, registrando valoriza\u00e7\u00e3o de 0,42%.<\/li>\n<!-- \/wp:list-item --><\/ul>\n<!-- \/wp:list -->\n\n<!-- wp:paragraph -->\n<p><strong>Mercados Europeus :<\/strong> <\/p>\n<!-- \/wp:paragraph -->\n\n<!-- wp:list -->\n<ul class=\"wp-block-list\"><!-- wp:list-item -->\n<li>STOXX 600: -0,16%<\/li>\n<!-- \/wp:list-item -->\n\n<!-- wp:list-item -->\n<li>DAX (Alemanha): +0,34%<\/li>\n<!-- \/wp:list-item -->\n\n<!-- wp:list-item -->\n<li>FTSE 100 (Reino Unido): -0,26%<\/li>\n<!-- \/wp:list-item -->\n\n<!-- wp:list-item -->\n<li>CAC 40 (Fran\u00e7a): -0,41%<\/li>\n<!-- \/wp:list-item -->\n\n<!-- wp:list-item -->\n<li>FTSE MIB (It\u00e1lia): -0,30%<strong>&nbsp;<\/strong><\/li>\n<!-- \/wp:list-item --><\/ul>\n<!-- \/wp:list -->\n\n<!-- wp:list -->\n<ul class=\"wp-block-list\"><!-- wp:list-item -->\n<li><strong>Os mercados Asi\u00e1ticos<\/strong>, fecharam sem dire\u00e7\u00e3o \u00fanica, com desempenho positivo nas bolsas do Jap\u00e3o, da China e da Coreia do Sul, enquanto Austr\u00e1lia e Hong Kong fecharam no vermelho..<\/li>\n<!-- \/wp:list-item --><\/ul>\n<!-- \/wp:list -->\n\n<!-- wp:paragraph -->\n<p><strong>Fechamento \u00c1sia - Pac\u00edfico<\/strong> :<\/p>\n<!-- \/wp:paragraph -->\n\n<!-- wp:list -->\n<ul class=\"wp-block-list\"><!-- wp:list-item -->\n<li>Shanghai SE (China), +0,44%<\/li>\n<!-- \/wp:list-item -->\n\n<!-- wp:list-item -->\n<li>Nikkei (Jap\u00e3o): +0,59%<\/li>\n<!-- \/wp:list-item -->\n\n<!-- wp:list-item -->\n<li>Hang Seng Index (Hong Kong): -0,63%<\/li>\n<!-- \/wp:list-item -->\n\n<!-- wp:list-item -->\n<li>Nifty 50 (\u00cdndia): +0,72%<\/li>\n<!-- \/wp:list-item -->\n\n<!-- wp:list-item -->\n<li>ASX 200 (Austr\u00e1lia): -0,64%<\/li>\n<!-- \/wp:list-item --><\/ul>\n<!-- \/wp:list -->\n\n<!-- wp:paragraph -->\n<p><strong>Cen\u00e1rio Dom\u00e9stico<\/strong> :<\/p>\n<!-- \/wp:paragraph -->\n\n<!-- wp:list -->\n<ul class=\"wp-block-list\"><!-- wp:list-item -->\n<li><strong>No Brasil<\/strong>, o Banco Central divulga estat\u00edsticas de cr\u00e9dito referentes ao m\u00eas de maio, enquanto o instituto AtlasIntel divulgar\u00e1 uma pesquisa presidencial com 5.000 entrevistas online realizadas entre 25 e 30 de junho.<\/li>\n<!-- \/wp:list-item -->\n\n<!-- wp:list-item -->\n<li>Do lado pol\u00edtico, nesta quarta est\u00e1 prevista uma sess\u00e3o de debate tem\u00e1tico sobre a jornada de trabalho de 6\u00d71 (PEC 221\/2019) no plen\u00e1rio do Senado, ap\u00f3s solicita\u00e7\u00e3o aprovada pelo plen\u00e1rio. De acordo com o Ita\u00fa, o andamento da emenda depender\u00e1 tanto do Presidente do Senado, que deve encaminhar formalmente a proposta, quanto do presidente da CCJ.<\/li>\n<!-- \/wp:list-item -->\n\n<!-- wp:list-item -->\n<li>O Ibovespa fechou em queda nesta ter\u00e7a-feira, confirmando mais um desempenho mensal negativo, mas se afastou da m\u00ednima do dia, registrada ap\u00f3s dados sobre o mercado de trabalho no Brasil mais fracos do que o esperado.&nbsp;<\/li>\n<!-- \/wp:list-item -->\n\n<!-- wp:list-item -->\n<li>\u00cdndice de refer\u00eancia do mercado acion\u00e1rio brasileiro, o Ibovespa caiu 0,68%, a 172.024,12 pontos, acumulando um decl\u00ednio de 1,01% em junho.&nbsp;<\/li>\n<!-- \/wp:list-item --><\/ul>\n<!-- \/wp:list -->\n\n<!-- wp:list -->\n<ul class=\"wp-block-list\"><!-- wp:list-item -->\n<li><strong>Nas commodities<\/strong>, os pre\u00e7os do petr\u00f3leo operam sem dire\u00e7\u00e3o \u00fanica devido a preocupa\u00e7\u00f5es de que o impasse nas negocia\u00e7\u00f5es entre o Ir\u00e3 e os EUA para um acordo final que ponha fim \u00e0 guerra possa prolongar as interrup\u00e7\u00f5es no fornecimento na importante regi\u00e3o produtora do Oriente M\u00e9dio.<\/li>\n<!-- \/wp:list-item -->\n\n<!-- wp:list-item -->\n<li>As cota\u00e7\u00f5es do min\u00e9rio de ferro na China fecharam em baixa, com as novas barreiras comerciais da Uni\u00e3o Europeia \u00e0s importa\u00e7\u00f5es de a\u00e7o afetando negativamente as perspectivas de demanda.<\/li>\n<!-- \/wp:list-item --><\/ul>\n<!-- \/wp:list -->\n\n<!-- wp:list -->\n<ul class=\"wp-block-list\"><!-- wp:list-item -->\n<li>Petr\u00f3leo WTI, -0,41%, a US$ 69,17 o barril<\/li>\n<!-- \/wp:list-item -->\n\n<!-- wp:list-item -->\n<li>Petr\u00f3leo Brent, -0,29%, a US$ 72,73 o barril<\/li>\n<!-- \/wp:list-item -->\n\n<!-- wp:list-item -->\n<li>Min\u00e9rio de ferro negociado na bolsa de Dalian, -1,68%, a 733 iuanes (US$ 107,89)<\/li>\n<!-- \/wp:list-item --><\/ul>\n<!-- \/wp:list -->\n\n<!-- wp:paragraph -->\n<p><strong>Criptoativos<\/strong> : O Bitcoin recuou levemente na quarta-feira, permanecendo sob press\u00e3o ap\u00f3s registrar perdas expressivas no trimestre, em meio \u00e0 relut\u00e2ncia dos investidores em comprar criptomoedas diante das crescentes expectativas de juros mais altos nos Estados Unidos.<\/p>\n<!-- \/wp:paragraph -->\n\n<!-- wp:paragraph -->\n<p>Bitcoin (BTC), -0,16%, a US$ 58.540,93 (em rela\u00e7\u00e3o \u00e0 cota\u00e7\u00e3o de 24 horas atr\u00e1s).<\/p>\n<!-- \/wp:paragraph -->\n\n<!-- wp:paragraph -->\n<p><em>(Com Reuters e Bloomberg)<\/em><\/p>\n<!-- \/wp:paragraph -->\n\n<!-- wp:paragraph -->\n<p><strong>Um abra\u00e7o, e bons neg\u00f3cios.<br>Danilo Jesus<\/strong><\/p>\n<!-- \/wp:paragraph -->","_et_gb_content_width":"","_jetpack_newsletter_access":"","_jetpack_dont_email_post_to_subs":false,"_jetpack_newsletter_tier_id":0,"_jetpack_memberships_contains_paywalled_content":false,"_jetpack_feature_clip_id":0,"_jetpack_memberships_contains_paid_content":false,"footnotes":"","jetpack_publicize_message":"","jetpack_publicize_feature_enabled":true,"jetpack_social_post_already_shared":true,"jetpack_social_options":{"image_generator_settings":{"template":"highway","default_image_id":0,"font":"","enabled":false},"version":2},"jetpack_post_was_ever_published":false},"categories":[36,19],"tags":[],"class_list":["post-4547","post","type-post","status-publish","format-standard","has-post-thumbnail","hentry","category-artigo","category-cafe-com-o-especialista"],"jetpack_publicize_connections":[],"jetpack_sharing_enabled":true,"jetpack_featured_media_url":"https:\/\/i0.wp.com\/pilarinvestimentos.com.br\/wp-content\/uploads\/2025\/10\/Cafe-com-o-especialista-07.jpg?fit=1200%2C803&ssl=1","_links":{"self":[{"href":"https:\/\/pilarinvestimentos.com.br\/en\/wp-json\/wp\/v2\/posts\/4547","targetHints":{"allow":["GET"]}}],"collection":[{"href":"https:\/\/pilarinvestimentos.com.br\/en\/wp-json\/wp\/v2\/posts"}],"about":[{"href":"https:\/\/pilarinvestimentos.com.br\/en\/wp-json\/wp\/v2\/types\/post"}],"author":[{"embeddable":true,"href":"https:\/\/pilarinvestimentos.com.br\/en\/wp-json\/wp\/v2\/users\/7"}],"replies":[{"embeddable":true,"href":"https:\/\/pilarinvestimentos.com.br\/en\/wp-json\/wp\/v2\/comments?post=4547"}],"version-history":[{"count":1,"href":"https:\/\/pilarinvestimentos.com.br\/en\/wp-json\/wp\/v2\/posts\/4547\/revisions"}],"predecessor-version":[{"id":4548,"href":"https:\/\/pilarinvestimentos.com.br\/en\/wp-json\/wp\/v2\/posts\/4547\/revisions\/4548"}],"wp:featuredmedia":[{"embeddable":true,"href":"https:\/\/pilarinvestimentos.com.br\/en\/wp-json\/wp\/v2\/media\/3860"}],"wp:attachment":[{"href":"https:\/\/pilarinvestimentos.com.br\/en\/wp-json\/wp\/v2\/media?parent=4547"}],"wp:term":[{"taxonomy":"category","embeddable":true,"href":"https:\/\/pilarinvestimentos.com.br\/en\/wp-json\/wp\/v2\/categories?post=4547"},{"taxonomy":"post_tag","embeddable":true,"href":"https:\/\/pilarinvestimentos.com.br\/en\/wp-json\/wp\/v2\/tags?post=4547"}],"curies":[{"name":"wp","href":"https:\/\/api.w.org\/{rel}","templated":true}]}}