{"id":4549,"date":"2026-09-03T08:41:16","date_gmt":"2026-09-03T11:41:16","guid":{"rendered":"https:\/\/pilarinvestimentos.com.br\/?p=4549"},"modified":"2026-09-03T08:41:18","modified_gmt":"2026-09-03T11:41:18","slug":"cafe-com-o-especialista-03-09-26","status":"publish","type":"post","link":"https:\/\/pilarinvestimentos.com.br\/en\/cafe-com-o-especialista-03-09-26\/","title":{"rendered":"Caf\u00e9 com o especialista &#8211; 03\/09\/26"},"content":{"rendered":"<h1 class=\"wp-block-heading\">Bom dia!!!<\/h1>\n\n\n\n<p class=\"wp-block-paragraph\"><\/p>\n\n\n\n<p class=\"wp-block-paragraph\">Procure um assessor da Pilar Investimentos, e entenda como esse cen\u00e1rio pode impactar os seus investimentos.<\/p>\n\n\n\n<ul class=\"wp-block-list\">\n<li><strong>O Ibovespa<\/strong>, fechou ontem em alta de 3,05% a 185.205 pontos, o S&amp;P fechou em alta de 0,46% a 7.631 pontos, o Nasdaq subiu 0,45% a 26.217 e o Dow Jones subiu 0,56% a 53.062 pontos.<\/li>\n\n\n\n<li>O D\u00f3lar fechou ontem em queda de 0,91% cotado a R$ 5,10 o Euro fechou em queda de 0,90% cotado a R$5,92 e o Bitcoin caiu 1,27% cotado a R$393.311.<\/li>\n<\/ul>\n\n\n\n<p class=\"wp-block-paragraph\"><strong>Cen\u00e1rio Externo<\/strong> : <\/p>\n\n\n\n<ul class=\"wp-block-list\">\n<li><strong>Os \u00edndices futuros de Nova York<\/strong>, operam mistos nesta quinta-feira (3), com a estabiliza\u00e7\u00e3o dos pre\u00e7os do petr\u00f3leo e dos rendimentos dos t\u00edtulos do Tesouro. Os investidores mant\u00eam o foco nos dados do mercado de trabalho, especialmente no payroll de agosto, que ser\u00e1 divulgado na sexta-feira e pode oferecer novas pistas sobre a economia americana e os pr\u00f3ximos passos do Federal Reserve.<\/li>\n\n\n\n<li>No setor corporativo, a Broadcom afirmou ap\u00f3s o fechamento do mercado na quarta-feira que espera fortes vendas de chips de IA nos pr\u00f3ximos dois anos. Mesmo assim, as a\u00e7\u00f5es da empresa chegaram a cair mais de 3% durante o preg\u00e3o estendido.<\/li>\n\n\n\n<li>O mercado tamb\u00e9m acompanha a divulga\u00e7\u00e3o dos pedidos semanais de aux\u00edlio-desemprego nos Estados Unidos.<\/li>\n\n\n\n<li>Na temporada de balan\u00e7os, Ciena e Campbell\u2019s divulgam seus resultados pela manh\u00e3, enquanto Zscaler, DocuSign e UiPath apresentam seus n\u00fameros \u00e0 tarde.<\/li>\n<\/ul>\n\n\n\n<p class=\"wp-block-paragraph\"><strong>Veja o desempenho dos mercados futuros:<\/strong><\/p>\n\n\n\n<ul class=\"wp-block-list\">\n<li>Dow Jones Futuro: +0,22%<\/li>\n\n\n\n<li>S&amp;P 500 Futuro: +0,11%<\/li>\n\n\n\n<li>Nasdaq Futuro: -0,09%<strong>\u00a0<\/strong><\/li>\n<\/ul>\n\n\n\n<ul class=\"wp-block-list\">\n<li><strong>As bolsas europeias<\/strong>, operam mistas, a ind\u00fastria \u2060de carne bovina do \u2060Brasil continua trabalhando para reincluir o \u200cBrasil entre os pa\u00edses aptos a exportar o produto para a Uni\u00e3o Europeia, depois \u200cde garantias oficiais do Minist\u00e9rio da Agricultura j\u00e1 terem sido apresentadas, disse a Associa\u00e7\u00e3o Brasileira das Ind\u00fastrias Exportadoras de Carnes (Abiec) nesta quarta-feira.<\/li>\n\n\n\n<li>A UE confirmou na v\u00e9spera \u2060que \u200csuspender\u00e1 as importa\u00e7\u00f5es de carnes do \u2060Brasil a partir de 3 de setembro, citando que o pa\u00eds n\u00e3o conseguiu garantir o cumprimento de suas normas sobre o uso de subst\u00e2ncias antimicrobianas. \u200bA retirada do Brasil da lista de pa\u00edses aptos a exportar determinados \u200bprodutos de origem animal para o bloco foi divulgada inicialmente em maio.<\/li>\n<\/ul>\n\n\n\n<p class=\"wp-block-paragraph\"><strong>Mercados Europeus :<\/strong> <\/p>\n\n\n\n<ul class=\"wp-block-list\">\n<li>STOXX 600: +0,25%<\/li>\n\n\n\n<li>DAX (Alemanha): +0,06%<\/li>\n\n\n\n<li>FTSE 100 (Reino Unido): +0,37%<\/li>\n\n\n\n<li>CAC 40 (Fran\u00e7a): -0,26%<\/li>\n\n\n\n<li>FTSE MIB (It\u00e1lia): +0,30%<strong>\u00a0<\/strong><\/li>\n<\/ul>\n\n\n\n<ul class=\"wp-block-list\">\n<li><strong>Os mercados Asi\u00e1ticos<\/strong>, fecharam sem dire\u00e7\u00e3o definida. O \u00edndice Nikkei 225, do Jap\u00e3o, recuou 0,17%, encerrando o preg\u00e3o em 64.214,48 pontos, enquanto o Topix subiu 0,5%, para 4.102,04 pontos.<\/li>\n\n\n\n<li>J\u00e1 o Kospi, da Coreia do Sul, subiu 0,26%, para 6.579,58, mas o \u00edndice Kosdaq, de empresas de pequena capitaliza\u00e7\u00e3o, caiu 1,71%, para 790,21.<\/li>\n\n\n\n<li>O iene ganhou for\u00e7a nesta quinta, chegando a subir 1,4%, para 156,41 por d\u00f3lar, com investidores ampliando as apostas de que o Banco do Jap\u00e3o (BoJ) pode acelerar o ciclo de alta de juros. A moeda tamb\u00e9m \u00e9 favorecida por sinais de poss\u00edveis fluxos de capital mais positivos e por especula\u00e7\u00f5es de uma nova interven\u00e7\u00e3o das autoridades japonesas no c\u00e2mbio.<\/li>\n\n\n\n<li>Os ganhos, por\u00e9m, perderam for\u00e7a ap\u00f3s relatos de que o BoJ estaria inclinado a elevar a taxa b\u00e1sica em 0,25 ponto percentual ainda neste m\u00eas, diante dos riscos de infla\u00e7\u00e3o, mas mantendo flexibilidade sobre o ritmo dos pr\u00f3ximos aumentos.<\/li>\n<\/ul>\n\n\n\n<p class=\"wp-block-paragraph\"><strong>Fechamento \u00c1sia &#8211; Pac\u00edfico<\/strong> :<\/p>\n\n\n\n<ul class=\"wp-block-list\">\n<li>Shanghai SE (China), +0,02%<\/li>\n\n\n\n<li>Nikkei (Jap\u00e3o): -0,17%<\/li>\n\n\n\n<li>Hang Seng Index (Hong Kong): -0,39%<\/li>\n\n\n\n<li>Nifty 50 (\u00cdndia): -0,01%<\/li>\n\n\n\n<li>ASX 200 (Austr\u00e1lia): +0,46%<\/li>\n<\/ul>\n\n\n\n<p class=\"wp-block-paragraph\"><strong>Cen\u00e1rio Dom\u00e9stico<\/strong> :<\/p>\n\n\n\n<ul class=\"wp-block-list\">\n<li><strong>No Brasil<\/strong>, o destaque da sess\u00e3o desta quinta-feira (3) fica por conta da Pesquisa DataFolha, ap\u00f3s a Quaest refor\u00e7ar a percep\u00e7\u00e3o de uma disputa eleitoral mais acirrada e de maior possibilidade de altern\u00e2ncia de poder, cen\u00e1rio que levou o\u00a0Ibovespa a disparar 3% na quarta-feira, maior alta percentual em um dia desde mar\u00e7o.<\/li>\n\n\n\n<li>O presidente Luiz In\u00e1cio Lula da Silva (PT) mant\u00e9m a lideran\u00e7a na corrida presidencial, mas segue em uma disputa apertada com Fl\u00e1vio Bolsonaro (PL) em eventual segundo turno. \u00c9 o que mostra pesquisa Quaest divulgada nesta quarta-feira (2), encomendada pela\u00a0<em>Globo<\/em>\u00a0e pelo jornal\u00a0<em>O Globo<\/em>.<\/li>\n\n\n\n<li>No cen\u00e1rio de primeiro turno que inclui Pablo Mar\u00e7al (PRTB), Lula aparece com 37% das inten\u00e7\u00f5es de voto e Fl\u00e1vio, com 30%. Augusto Cury (Avante) alcan\u00e7a 10% e se consolida, neste levantamento, como o terceiro colocado.<\/li>\n\n\n\n<li>Investidores tamb\u00e9m acompanham a divulga\u00e7\u00e3o do \u00edndice de gerentes de compras (PMI) composto ao redor do mundo, incluindo no Brasil e nos Estados Unidos.<\/li>\n<\/ul>\n\n\n\n<ul class=\"wp-block-list\">\n<li><strong>Nas commodities<\/strong>, os pre\u00e7os do petr\u00f3leo recuam, interrompendo uma sequ\u00eancia de tr\u00eas dias de altas, depois que o presidente dos EUA, Donald Trump, afirmou que novos ataques ao Ir\u00e3 provavelmente seriam de curta dura\u00e7\u00e3o e reiterou sua alega\u00e7\u00e3o de que os EUA controlam o Estreito de Ormuz.<\/li>\n\n\n\n<li>As cota\u00e7\u00f5es do min\u00e9rio de ferro na China fecharam em alta, com o aumento da atividade dos altos-fornos, enquanto a press\u00e3o sobre o carv\u00e3o metal\u00fargico diminui.<\/li>\n<\/ul>\n\n\n\n<ul class=\"wp-block-list\">\n<li>Petr\u00f3leo WPetr\u00f3leo WTI, -0,33%, a US$ 90,71 o barril<\/li>\n\n\n\n<li>Petr\u00f3leo Brent, -0,39%, a US$ 95,26 o barril<\/li>\n\n\n\n<li>Min\u00e9rio de ferro negociado na bolsa de Dalian, +1,32%, a 726,50 iuanes (US$ 108,12)<\/li>\n<\/ul>\n\n\n\n<p class=\"wp-block-paragraph\"><strong>Criptoativos<\/strong> : O\u00a0Bitcoin\u00a0recuou nesta quarta-feira, estendendo as perdas ap\u00f3s registrar ganhos expressivos em agosto, pressionado pelo recrudescimento dos conflitos entre EUA e Ir\u00e3 e pela persistente incerteza em torno das taxas de juros, fatores que pesaram sobre os ativos de maior risco.<\/p>\n\n\n\n<p class=\"wp-block-paragraph\"><em>(Com Reuters e Bloomberg)<\/em><\/p>\n\n\n\n<p class=\"wp-block-paragraph\">Bitcoin (BTC), +0,86%, a US$ 77.870,80 (em rela\u00e7\u00e3o \u00e0 cota\u00e7\u00e3o de 24 horas atr\u00e1s).<\/p>\n\n\n\n<p class=\"wp-block-paragraph\"><strong>Um abra\u00e7o, e bons neg\u00f3cios.<br>Danilo Jesus<\/strong><\/p>\n<span class=\"et_bloom_bottom_trigger\"><\/span>","protected":false},"excerpt":{"rendered":"<p>Bom dia!!! Procure um assessor da Pilar Investimentos, e entenda como esse cen\u00e1rio pode impactar os seus investimentos. Cen\u00e1rio Externo : Veja o desempenho dos mercados futuros: Mercados Europeus : Fechamento \u00c1sia &#8211; Pac\u00edfico : Cen\u00e1rio Dom\u00e9stico : Criptoativos : O\u00a0Bitcoin\u00a0recuou nesta quarta-feira, estendendo as perdas ap\u00f3s registrar ganhos expressivos em agosto, pressionado pelo recrudescimento [&hellip;]<\/p>\n","protected":false},"author":7,"featured_media":3860,"comment_status":"closed","ping_status":"closed","sticky":false,"template":"","format":"standard","meta":{"_et_pb_use_builder":"off","_et_pb_old_content":"<!-- wp:heading {\"level\":1} -->\n<h1 class=\"wp-block-heading\">Bom dia!!!<\/h1>\n<!-- \/wp:heading -->\n\n<!-- wp:paragraph -->\n<p><\/p>\n<!-- \/wp:paragraph -->\n\n<!-- wp:paragraph -->\n<p>Procure um assessor da Pilar Investimentos, e entenda como esse cen\u00e1rio pode impactar os seus investimentos.<\/p>\n<!-- \/wp:paragraph -->\n\n<!-- wp:list -->\n<ul class=\"wp-block-list\"><!-- wp:list-item -->\n<li><strong>O Ibovespa<\/strong>, fechou ontem em queda de 0,20% a 171.688 pontos, o S&amp;P fechou em queda de 0,22% a 7.483 pontos, o Nasdaq caiu 0,66% a 26.040 e o Dow Jones caiu 0,03% a 52.305 pontos.<\/li>\n<!-- \/wp:list-item -->\n\n<!-- wp:list-item -->\n<li>O D\u00f3lar fechou ontem em alta de 0,90% cotado a R$ 5,20 o Euro fechou em alta de 0,48% cotado a R$5,92 e o Bitcoin subiu 4,10% cotado a R$315.349.<\/li>\n<!-- \/wp:list-item --><\/ul>\n<!-- \/wp:list -->\n\n<!-- wp:paragraph -->\n<p><strong>Cen\u00e1rio Externo<\/strong> : <\/p>\n<!-- \/wp:paragraph -->\n\n<!-- wp:list -->\n<ul class=\"wp-block-list\"><!-- wp:list-item -->\n<li><strong>Os \u00edndices futuros de Nova York<\/strong>, recuam nesta quinta-feira (2), v\u00e9spera do feriado da Independ\u00eancia dos Estados Unidos, enquanto investidores aguardam a divulga\u00e7\u00e3o do relat\u00f3rio de emprego (payroll) de junho.<\/li>\n<!-- \/wp:list-item -->\n\n<!-- wp:list-item -->\n<li>O dado \u00e9 visto como decisivo para calibrar as expectativas sobre a trajet\u00f3ria dos juros americanos, ap\u00f3s declara\u00e7\u00f5es feitas na quarta-feira pelo presidente do Federal Reserve, Kevin Warsh, reduzirem as apostas de um novo aumento das taxas ainda neste ano.<\/li>\n<!-- \/wp:list-item -->\n\n<!-- wp:list-item -->\n<li>Economistas consultados pela Reuters preveem a cria\u00e7\u00e3o de 110 mil empregos em junho. A Copa do Mundo provavelmente criou milhares de empregos tempor\u00e1rios, aumentando a probabilidade de uma surpresa positiva. A taxa de desemprego deve permanecer est\u00e1vel em 4,3%.<\/li>\n<!-- \/wp:list-item -->\n\n<!-- wp:list-item -->\n<li>Al\u00e9m do payroll, os investidores acompanham outros indicadores da economia americana nesta quinta-feira. Entre eles, est\u00e3o os pedidos semanais de aux\u00edlio-desemprego, cuja expectativa \u00e9 de 220 mil solicita\u00e7\u00f5es, e os dados de encomendas \u00e0 ind\u00fastria referentes a maio, com proje\u00e7\u00e3o de queda de 1,8% na compara\u00e7\u00e3o mensal.<\/li>\n<!-- \/wp:list-item --><\/ul>\n<!-- \/wp:list -->\n\n<!-- wp:paragraph -->\n<p><strong>Veja o desempenho dos mercados futuros:<\/strong><\/p>\n<!-- \/wp:paragraph -->\n\n<!-- wp:list -->\n<ul class=\"wp-block-list\"><!-- wp:list-item -->\n<li>Dow Jones Futuro: -0,25%<\/li>\n<!-- \/wp:list-item -->\n\n<!-- wp:list-item -->\n<li>S&amp;P 500 Futuro: -0,32%<\/li>\n<!-- \/wp:list-item -->\n\n<!-- wp:list-item -->\n<li>Nasdaq Futuro: -0,53%<strong>&nbsp;<\/strong><\/li>\n<!-- \/wp:list-item --><\/ul>\n<!-- \/wp:list -->\n\n<!-- wp:list -->\n<ul class=\"wp-block-list\"><!-- wp:list-item -->\n<li><strong>As bolsas europeias<\/strong>, iniciaram o novo m\u00eas sem dire\u00e7\u00e3o \u00fanica nesta quarta-feira. A maioria dos setores operava em leve queda no in\u00edcio das negocia\u00e7\u00f5es, mas as a\u00e7\u00f5es do segmento qu\u00edmico lideravam os ganhos, com alta de quase 1,1%. As montadoras tamb\u00e9m avan\u00e7avam, registrando valoriza\u00e7\u00e3o de 0,42%.<\/li>\n<!-- \/wp:list-item --><\/ul>\n<!-- \/wp:list -->\n\n<!-- wp:paragraph -->\n<p><strong>Mercados Europeus :<\/strong> <\/p>\n<!-- \/wp:paragraph -->\n\n<!-- wp:list -->\n<ul class=\"wp-block-list\"><!-- wp:list-item -->\n<li>STOXX 600: -0,16%<\/li>\n<!-- \/wp:list-item -->\n\n<!-- wp:list-item -->\n<li>DAX (Alemanha): +0,34%<\/li>\n<!-- \/wp:list-item -->\n\n<!-- wp:list-item -->\n<li>FTSE 100 (Reino Unido): -0,26%<\/li>\n<!-- \/wp:list-item -->\n\n<!-- wp:list-item -->\n<li>CAC 40 (Fran\u00e7a): -0,41%<\/li>\n<!-- \/wp:list-item -->\n\n<!-- wp:list-item -->\n<li>FTSE MIB (It\u00e1lia): -0,30%<strong>&nbsp;<\/strong><\/li>\n<!-- \/wp:list-item --><\/ul>\n<!-- \/wp:list -->\n\n<!-- wp:list -->\n<ul class=\"wp-block-list\"><!-- wp:list-item -->\n<li><strong>Os mercados Asi\u00e1ticos<\/strong>, fecharam sem dire\u00e7\u00e3o \u00fanica, com desempenho positivo nas bolsas do Jap\u00e3o, da China e da Coreia do Sul, enquanto Austr\u00e1lia e Hong Kong fecharam no vermelho..<\/li>\n<!-- \/wp:list-item --><\/ul>\n<!-- \/wp:list -->\n\n<!-- wp:paragraph -->\n<p><strong>Fechamento \u00c1sia - Pac\u00edfico<\/strong> :<\/p>\n<!-- \/wp:paragraph -->\n\n<!-- wp:list -->\n<ul class=\"wp-block-list\"><!-- wp:list-item -->\n<li>Shanghai SE (China), +0,44%<\/li>\n<!-- \/wp:list-item -->\n\n<!-- wp:list-item -->\n<li>Nikkei (Jap\u00e3o): +0,59%<\/li>\n<!-- \/wp:list-item -->\n\n<!-- wp:list-item -->\n<li>Hang Seng Index (Hong Kong): -0,63%<\/li>\n<!-- \/wp:list-item -->\n\n<!-- wp:list-item -->\n<li>Nifty 50 (\u00cdndia): +0,72%<\/li>\n<!-- \/wp:list-item -->\n\n<!-- wp:list-item -->\n<li>ASX 200 (Austr\u00e1lia): -0,64%<\/li>\n<!-- \/wp:list-item --><\/ul>\n<!-- \/wp:list -->\n\n<!-- wp:paragraph -->\n<p><strong>Cen\u00e1rio Dom\u00e9stico<\/strong> :<\/p>\n<!-- \/wp:paragraph -->\n\n<!-- wp:list -->\n<ul class=\"wp-block-list\"><!-- wp:list-item -->\n<li><strong>No Brasil<\/strong>, o Banco Central divulga estat\u00edsticas de cr\u00e9dito referentes ao m\u00eas de maio, enquanto o instituto AtlasIntel divulgar\u00e1 uma pesquisa presidencial com 5.000 entrevistas online realizadas entre 25 e 30 de junho.<\/li>\n<!-- \/wp:list-item -->\n\n<!-- wp:list-item -->\n<li>Do lado pol\u00edtico, nesta quarta est\u00e1 prevista uma sess\u00e3o de debate tem\u00e1tico sobre a jornada de trabalho de 6\u00d71 (PEC 221\/2019) no plen\u00e1rio do Senado, ap\u00f3s solicita\u00e7\u00e3o aprovada pelo plen\u00e1rio. De acordo com o Ita\u00fa, o andamento da emenda depender\u00e1 tanto do Presidente do Senado, que deve encaminhar formalmente a proposta, quanto do presidente da CCJ.<\/li>\n<!-- \/wp:list-item -->\n\n<!-- wp:list-item -->\n<li>O Ibovespa fechou em queda nesta ter\u00e7a-feira, confirmando mais um desempenho mensal negativo, mas se afastou da m\u00ednima do dia, registrada ap\u00f3s dados sobre o mercado de trabalho no Brasil mais fracos do que o esperado.&nbsp;<\/li>\n<!-- \/wp:list-item -->\n\n<!-- wp:list-item -->\n<li>\u00cdndice de refer\u00eancia do mercado acion\u00e1rio brasileiro, o Ibovespa caiu 0,68%, a 172.024,12 pontos, acumulando um decl\u00ednio de 1,01% em junho.&nbsp;<\/li>\n<!-- \/wp:list-item --><\/ul>\n<!-- \/wp:list -->\n\n<!-- wp:list -->\n<ul class=\"wp-block-list\"><!-- wp:list-item -->\n<li><strong>Nas commodities<\/strong>, os pre\u00e7os do petr\u00f3leo operam sem dire\u00e7\u00e3o \u00fanica devido a preocupa\u00e7\u00f5es de que o impasse nas negocia\u00e7\u00f5es entre o Ir\u00e3 e os EUA para um acordo final que ponha fim \u00e0 guerra possa prolongar as interrup\u00e7\u00f5es no fornecimento na importante regi\u00e3o produtora do Oriente M\u00e9dio.<\/li>\n<!-- \/wp:list-item -->\n\n<!-- wp:list-item -->\n<li>As cota\u00e7\u00f5es do min\u00e9rio de ferro na China fecharam em baixa, com as novas barreiras comerciais da Uni\u00e3o Europeia \u00e0s importa\u00e7\u00f5es de a\u00e7o afetando negativamente as perspectivas de demanda.<\/li>\n<!-- \/wp:list-item --><\/ul>\n<!-- \/wp:list -->\n\n<!-- wp:list -->\n<ul class=\"wp-block-list\"><!-- wp:list-item -->\n<li>Petr\u00f3leo WTI, -0,41%, a US$ 69,17 o barril<\/li>\n<!-- \/wp:list-item -->\n\n<!-- wp:list-item -->\n<li>Petr\u00f3leo Brent, -0,29%, a US$ 72,73 o barril<\/li>\n<!-- \/wp:list-item -->\n\n<!-- wp:list-item -->\n<li>Min\u00e9rio de ferro negociado na bolsa de Dalian, -1,68%, a 733 iuanes (US$ 107,89)<\/li>\n<!-- \/wp:list-item --><\/ul>\n<!-- \/wp:list -->\n\n<!-- wp:paragraph -->\n<p><strong>Criptoativos<\/strong> : O Bitcoin recuou levemente na quarta-feira, permanecendo sob press\u00e3o ap\u00f3s registrar perdas expressivas no trimestre, em meio \u00e0 relut\u00e2ncia dos investidores em comprar criptomoedas diante das crescentes expectativas de juros mais altos nos Estados Unidos.<\/p>\n<!-- \/wp:paragraph -->\n\n<!-- wp:paragraph -->\n<p>Bitcoin (BTC), -0,16%, a US$ 58.540,93 (em rela\u00e7\u00e3o \u00e0 cota\u00e7\u00e3o de 24 horas atr\u00e1s).<\/p>\n<!-- \/wp:paragraph -->\n\n<!-- wp:paragraph -->\n<p><em>(Com Reuters e Bloomberg)<\/em><\/p>\n<!-- \/wp:paragraph -->\n\n<!-- wp:paragraph -->\n<p><strong>Um abra\u00e7o, e bons neg\u00f3cios.<br>Danilo Jesus<\/strong><\/p>\n<!-- \/wp:paragraph -->","_et_gb_content_width":"","_jetpack_newsletter_access":"","_jetpack_dont_email_post_to_subs":false,"_jetpack_newsletter_tier_id":0,"_jetpack_memberships_contains_paywalled_content":false,"_jetpack_feature_clip_id":0,"_jetpack_memberships_contains_paid_content":false,"footnotes":"","jetpack_publicize_message":"","jetpack_publicize_feature_enabled":true,"jetpack_social_post_already_shared":true,"jetpack_social_options":{"image_generator_settings":{"template":"highway","default_image_id":0,"font":"","enabled":false},"version":2},"jetpack_post_was_ever_published":false},"categories":[36,19],"tags":[],"class_list":["post-4549","post","type-post","status-publish","format-standard","has-post-thumbnail","hentry","category-artigo","category-cafe-com-o-especialista"],"jetpack_publicize_connections":[],"jetpack_sharing_enabled":true,"jetpack_featured_media_url":"https:\/\/i0.wp.com\/pilarinvestimentos.com.br\/wp-content\/uploads\/2025\/10\/Cafe-com-o-especialista-07.jpg?fit=1200%2C803&ssl=1","_links":{"self":[{"href":"https:\/\/pilarinvestimentos.com.br\/en\/wp-json\/wp\/v2\/posts\/4549","targetHints":{"allow":["GET"]}}],"collection":[{"href":"https:\/\/pilarinvestimentos.com.br\/en\/wp-json\/wp\/v2\/posts"}],"about":[{"href":"https:\/\/pilarinvestimentos.com.br\/en\/wp-json\/wp\/v2\/types\/post"}],"author":[{"embeddable":true,"href":"https:\/\/pilarinvestimentos.com.br\/en\/wp-json\/wp\/v2\/users\/7"}],"replies":[{"embeddable":true,"href":"https:\/\/pilarinvestimentos.com.br\/en\/wp-json\/wp\/v2\/comments?post=4549"}],"version-history":[{"count":1,"href":"https:\/\/pilarinvestimentos.com.br\/en\/wp-json\/wp\/v2\/posts\/4549\/revisions"}],"predecessor-version":[{"id":4550,"href":"https:\/\/pilarinvestimentos.com.br\/en\/wp-json\/wp\/v2\/posts\/4549\/revisions\/4550"}],"wp:featuredmedia":[{"embeddable":true,"href":"https:\/\/pilarinvestimentos.com.br\/en\/wp-json\/wp\/v2\/media\/3860"}],"wp:attachment":[{"href":"https:\/\/pilarinvestimentos.com.br\/en\/wp-json\/wp\/v2\/media?parent=4549"}],"wp:term":[{"taxonomy":"category","embeddable":true,"href":"https:\/\/pilarinvestimentos.com.br\/en\/wp-json\/wp\/v2\/categories?post=4549"},{"taxonomy":"post_tag","embeddable":true,"href":"https:\/\/pilarinvestimentos.com.br\/en\/wp-json\/wp\/v2\/tags?post=4549"}],"curies":[{"name":"wp","href":"https:\/\/api.w.org\/{rel}","templated":true}]}}